{"id":4499,"date":"2026-01-17T23:46:53","date_gmt":"2026-01-17T23:46:53","guid":{"rendered":"https:\/\/clinicadelasemociones.com.mx\/?p=4499"},"modified":"2026-04-20T20:53:51","modified_gmt":"2026-04-20T20:53:51","slug":"la-calidad-de-vida","status":"publish","type":"post","link":"https:\/\/clinicadelasemociones.com.mx\/es\/2026\/01\/17\/la-calidad-de-vida\/","title":{"rendered":"Calidad de vida"},"content":{"rendered":"<p>La calidad de vida de una persona est\u00e1 asumida desde la perspectiva de c\u00f3mo ella quiere vivir. Una persona que desea mucho pero tiene poco puede verse infravalorada a s\u00ed misma, sin embargo, si esa persona ve que su vida es un proceso para poder vivir mejor y est\u00e1 trabajando en ello, aunque se encuentre muy por debajo de sus expectativas tiene esperanza y sentirse bien consigo misma por lo que hace. El ser humano necesita saber que todo depende de cu\u00e1nto hace para estar en el lugar en el que quiere estar no s\u00f3lo del lugar en el que se encuentre,<\/p>","protected":false},"excerpt":{"rendered":"<p>La vida es un camino, no un final, no consiste en ser rico o feliz sino sentirse as\u00ed con lo que se tiene y con lo que se busca tener. (D\u00e1 clic en el t\u00edtulo para leer m\u00e1s)<\/p>","protected":false},"author":9,"featured_media":4504,"comment_status":"open","ping_status":"open","sticky":false,"template":"","format":"standard","meta":{"footnotes":""},"categories":[86,85],"tags":[14],"class_list":["post-4499","post","type-post","status-publish","format-standard","has-post-thumbnail","hentry","category-autoayuda","category-superacion-personal","tag-blog"],"yoast_head":"<!-- This site is optimized with the Yoast SEO plugin v28.4 - https:\/\/yoast.com\/product\/yoast-seo-wordpress\/ -->\n<title>Calidad de vida - Cl\u00ednica de las emociones<\/title>\n<meta name=\"robots\" content=\"index, follow, max-snippet:-1, max-image-preview:large, max-video-preview:-1\" \/>\n<link rel=\"canonical\" href=\"https:\/\/clinicadelasemociones.com.mx\/es\/2026\/01\/17\/la-calidad-de-vida\/\" \/>\n<meta property=\"og:locale\" content=\"es_MX\" \/>\n<meta property=\"og:type\" content=\"article\" \/>\n<meta property=\"og:title\" content=\"Calidad de vida - Cl\u00ednica de las emociones\" \/>\n<meta property=\"og:description\" content=\"La vida es un camino, no un final, no consiste en ser rico o feliz sino sentirse as\u00ed con lo que se tiene y con lo que se busca tener. (D\u00e1 clic en el t\u00edtulo para leer m\u00e1s)\" \/>\n<meta property=\"og:url\" content=\"https:\/\/clinicadelasemociones.com.mx\/es\/2026\/01\/17\/la-calidad-de-vida\/\" \/>\n<meta property=\"og:site_name\" content=\"Cl\u00ednica de las emociones\" \/>\n<meta property=\"article:publisher\" content=\"https:\/\/www.facebook.com\/Inapsclem\/\" \/>\n<meta property=\"article:published_time\" content=\"2026-01-17T23:46:53+00:00\" \/>\n<meta property=\"article:modified_time\" content=\"2026-04-20T20:53:51+00:00\" \/>\n<meta property=\"og:image\" content=\"https:\/\/clinicadelasemociones.com.mx\/wp-content\/uploads\/2026\/01\/Personas-felices-y-exitosas.jpg\" \/>\n\t<meta property=\"og:image:width\" content=\"771\" \/>\n\t<meta property=\"og:image:height\" content=\"512\" \/>\n\t<meta property=\"og:image:type\" content=\"image\/jpeg\" \/>\n<meta name=\"author\" content=\"Psic. Diego Felipe Lucero\" \/>\n<meta name=\"twitter:card\" content=\"summary_large_image\" \/>\n<meta name=\"twitter:creator\" content=\"@inaps_clem\" \/>\n<meta name=\"twitter:site\" content=\"@inaps_clem\" \/>\n<meta name=\"twitter:label1\" content=\"Escrito por\" \/>\n\t<meta name=\"twitter:data1\" content=\"Psic. Diego Felipe Lucero\" \/>\n\t<meta name=\"twitter:label2\" content=\"Tiempo de lectura\" \/>\n\t<meta name=\"twitter:data2\" content=\"1 minuto\" \/>\n<script type=\"application\/ld+json\" class=\"yoast-schema-graph\">{\"@context\":\"https:\\\/\\\/schema.org\",\"@graph\":[{\"@type\":\"Article\",\"@id\":\"https:\\\/\\\/clinicadelasemociones.com.mx\\\/2026\\\/01\\\/17\\\/la-calidad-de-vida\\\/#article\",\"isPartOf\":{\"@id\":\"https:\\\/\\\/clinicadelasemociones.com.mx\\\/2026\\\/01\\\/17\\\/la-calidad-de-vida\\\/\"},\"author\":{\"name\":\"Psic. Diego Felipe Lucero\",\"@id\":\"https:\\\/\\\/clinicadelasemociones.com.mx\\\/#\\\/schema\\\/person\\\/a532471a0e7ea802ac1e0ebbe298228a\"},\"headline\":\"Calidad de vida\",\"datePublished\":\"2026-01-17T23:46:53+00:00\",\"dateModified\":\"2026-04-20T20:53:51+00:00\",\"mainEntityOfPage\":{\"@id\":\"https:\\\/\\\/clinicadelasemociones.com.mx\\\/2026\\\/01\\\/17\\\/la-calidad-de-vida\\\/\"},\"wordCount\":108,\"commentCount\":0,\"publisher\":{\"@id\":\"https:\\\/\\\/clinicadelasemociones.com.mx\\\/#organization\"},\"image\":{\"@id\":\"https:\\\/\\\/clinicadelasemociones.com.mx\\\/2026\\\/01\\\/17\\\/la-calidad-de-vida\\\/#primaryimage\"},\"thumbnailUrl\":\"https:\\\/\\\/clinicadelasemociones.com.mx\\\/wp-content\\\/uploads\\\/2026\\\/01\\\/Personas-felices-y-exitosas.jpg\",\"keywords\":[\"Blog\"],\"articleSection\":[\"Autoayuda\",\"Superaci\u00f3n personal\"],\"inLanguage\":\"es\",\"potentialAction\":[{\"@type\":\"CommentAction\",\"name\":\"Comment\",\"target\":[\"https:\\\/\\\/clinicadelasemociones.com.mx\\\/2026\\\/01\\\/17\\\/la-calidad-de-vida\\\/#respond\"]}]},{\"@type\":\"WebPage\",\"@id\":\"https:\\\/\\\/clinicadelasemociones.com.mx\\\/2026\\\/01\\\/17\\\/la-calidad-de-vida\\\/\",\"url\":\"https:\\\/\\\/clinicadelasemociones.com.mx\\\/2026\\\/01\\\/17\\\/la-calidad-de-vida\\\/\",\"name\":\"Calidad de vida - Cl\u00ednica de las emociones\",\"isPartOf\":{\"@id\":\"https:\\\/\\\/clinicadelasemociones.com.mx\\\/#website\"},\"primaryImageOfPage\":{\"@id\":\"https:\\\/\\\/clinicadelasemociones.com.mx\\\/2026\\\/01\\\/17\\\/la-calidad-de-vida\\\/#primaryimage\"},\"image\":{\"@id\":\"https:\\\/\\\/clinicadelasemociones.com.mx\\\/2026\\\/01\\\/17\\\/la-calidad-de-vida\\\/#primaryimage\"},\"thumbnailUrl\":\"https:\\\/\\\/clinicadelasemociones.com.mx\\\/wp-content\\\/uploads\\\/2026\\\/01\\\/Personas-felices-y-exitosas.jpg\",\"datePublished\":\"2026-01-17T23:46:53+00:00\",\"dateModified\":\"2026-04-20T20:53:51+00:00\",\"breadcrumb\":{\"@id\":\"https:\\\/\\\/clinicadelasemociones.com.mx\\\/2026\\\/01\\\/17\\\/la-calidad-de-vida\\\/#breadcrumb\"},\"inLanguage\":\"es\",\"potentialAction\":[{\"@type\":\"ReadAction\",\"target\":[\"https:\\\/\\\/clinicadelasemociones.com.mx\\\/2026\\\/01\\\/17\\\/la-calidad-de-vida\\\/\"]}]},{\"@type\":\"ImageObject\",\"inLanguage\":\"es\",\"@id\":\"https:\\\/\\\/clinicadelasemociones.com.mx\\\/2026\\\/01\\\/17\\\/la-calidad-de-vida\\\/#primaryimage\",\"url\":\"https:\\\/\\\/clinicadelasemociones.com.mx\\\/wp-content\\\/uploads\\\/2026\\\/01\\\/Personas-felices-y-exitosas.jpg\",\"contentUrl\":\"https:\\\/\\\/clinicadelasemociones.com.mx\\\/wp-content\\\/uploads\\\/2026\\\/01\\\/Personas-felices-y-exitosas.jpg\",\"width\":771,\"height\":512},{\"@type\":\"BreadcrumbList\",\"@id\":\"https:\\\/\\\/clinicadelasemociones.com.mx\\\/2026\\\/01\\\/17\\\/la-calidad-de-vida\\\/#breadcrumb\",\"itemListElement\":[{\"@type\":\"ListItem\",\"position\":1,\"name\":\"Inicio\",\"item\":\"https:\\\/\\\/clinicadelasemociones.com.mx\\\/\"},{\"@type\":\"ListItem\",\"position\":2,\"name\":\"Calidad de vida\"}]},{\"@type\":\"WebSite\",\"@id\":\"https:\\\/\\\/clinicadelasemociones.com.mx\\\/#website\",\"url\":\"https:\\\/\\\/clinicadelasemociones.com.mx\\\/\",\"name\":\"INAPS, Cl\u00ednica de las emociones\",\"description\":\"Psicoterapia, diagn\u00f3stico y capacitaci\u00f3n.\",\"publisher\":{\"@id\":\"https:\\\/\\\/clinicadelasemociones.com.mx\\\/#organization\"},\"alternateName\":\"Cl\u00ednica de las Emociones\",\"potentialAction\":[{\"@type\":\"SearchAction\",\"target\":{\"@type\":\"EntryPoint\",\"urlTemplate\":\"https:\\\/\\\/clinicadelasemociones.com.mx\\\/?s={search_term_string}\"},\"query-input\":{\"@type\":\"PropertyValueSpecification\",\"valueRequired\":true,\"valueName\":\"search_term_string\"}}],\"inLanguage\":\"es\"},{\"@type\":\"Organization\",\"@id\":\"https:\\\/\\\/clinicadelasemociones.com.mx\\\/#organization\",\"name\":\"INAPS, Cl\u00ednica de las emociones\",\"url\":\"https:\\\/\\\/clinicadelasemociones.com.mx\\\/\",\"logo\":{\"@type\":\"ImageObject\",\"inLanguage\":\"es\",\"@id\":\"https:\\\/\\\/clinicadelasemociones.com.mx\\\/#\\\/schema\\\/logo\\\/image\\\/\",\"url\":\"https:\\\/\\\/clinicadelasemociones.com.mx\\\/wp-content\\\/uploads\\\/2025\\\/02\\\/Logo-cursos4.jpg\",\"contentUrl\":\"https:\\\/\\\/clinicadelasemociones.com.mx\\\/wp-content\\\/uploads\\\/2025\\\/02\\\/Logo-cursos4.jpg\",\"width\":336,\"height\":125,\"caption\":\"INAPS, Cl\u00ednica de las emociones\"},\"image\":{\"@id\":\"https:\\\/\\\/clinicadelasemociones.com.mx\\\/#\\\/schema\\\/logo\\\/image\\\/\"},\"sameAs\":[\"https:\\\/\\\/www.facebook.com\\\/Inapsclem\\\/\",\"https:\\\/\\\/x.com\\\/inaps_clem\",\"https:\\\/\\\/www.instagram.com\\\/inapsclem\"]},{\"@type\":\"Person\",\"@id\":\"https:\\\/\\\/clinicadelasemociones.com.mx\\\/#\\\/schema\\\/person\\\/a532471a0e7ea802ac1e0ebbe298228a\",\"name\":\"Psic. Diego Felipe Lucero\",\"image\":{\"@type\":\"ImageObject\",\"inLanguage\":\"es\",\"@id\":\"https:\\\/\\\/secure.gravatar.com\\\/avatar\\\/305126a808d05431aa1cb442ce439c2300001fc329ad626b9eb2dc9202eb2504?s=96&d=mm&r=g\",\"url\":\"https:\\\/\\\/secure.gravatar.com\\\/avatar\\\/305126a808d05431aa1cb442ce439c2300001fc329ad626b9eb2dc9202eb2504?s=96&d=mm&r=g\",\"contentUrl\":\"https:\\\/\\\/secure.gravatar.com\\\/avatar\\\/305126a808d05431aa1cb442ce439c2300001fc329ad626b9eb2dc9202eb2504?s=96&d=mm&r=g\",\"caption\":\"Psic. Diego Felipe Lucero\"},\"description\":\"Estudios superiores de Licenciatura en Psicolog\u00eda por Universidad Aut\u00f3noma Metropolitana Unidad Xochimilco, M\u00e9xico, D.F. Promedio general de aprovechamiento: 9.5. Generaci\u00f3n 2004-2008. Ced. Profesional: 6068139 expedida 27 de julio de 2009. Estudios de posgrado: Primary Training Course en Terapia Racional Emotiva Conductual por el Albert Ellis Institute de New York. No. de certificado: 10514 expedido en septiembre del 2012. Advanced Training Course en Terapia Racional Emotiva Conductual por el Albert Ellis Institute de New York. No. de certificado: 03591 expedido en agosto del 2014. Maestr\u00eda en Neurociencia cognitiva y de la Conducta Humana en el Instituto de Estudios Superiores en Neurociencias, Psicoan\u00e1lisis y Salud Mental con registro ante la SEP e inscrito al CONACYT. M\u00e9xico, D.F. Promedio general de aprovechamiento: 9.1. Generaci\u00f3n 2010- 2012.\",\"url\":\"https:\\\/\\\/clinicadelasemociones.com.mx\\\/es\\\/author\\\/psic-diego-felipe-lucero\\\/\"}]}<\/script>\n<!-- \/ Yoast SEO plugin. -->","yoast_head_json":{"title":"Calidad de vida - Cl\u00ednica de las emociones","robots":{"index":"index","follow":"follow","max-snippet":"max-snippet:-1","max-image-preview":"max-image-preview:large","max-video-preview":"max-video-preview:-1"},"canonical":"https:\/\/clinicadelasemociones.com.mx\/es\/2026\/01\/17\/la-calidad-de-vida\/","og_locale":"es_MX","og_type":"article","og_title":"Calidad de vida - Cl\u00ednica de las emociones","og_description":"La vida es un camino, no un final, no consiste en ser rico o feliz sino sentirse as\u00ed con lo que se tiene y con lo que se busca tener. (D\u00e1 clic en el t\u00edtulo para leer m\u00e1s)","og_url":"https:\/\/clinicadelasemociones.com.mx\/es\/2026\/01\/17\/la-calidad-de-vida\/","og_site_name":"Cl\u00ednica de las emociones","article_publisher":"https:\/\/www.facebook.com\/Inapsclem\/","article_published_time":"2026-01-17T23:46:53+00:00","article_modified_time":"2026-04-20T20:53:51+00:00","og_image":[{"width":771,"height":512,"url":"https:\/\/clinicadelasemociones.com.mx\/wp-content\/uploads\/2026\/01\/Personas-felices-y-exitosas.jpg","type":"image\/jpeg"}],"author":"Psic. Diego Felipe Lucero","twitter_card":"summary_large_image","twitter_creator":"@inaps_clem","twitter_site":"@inaps_clem","twitter_misc":{"Escrito por":"Psic. Diego Felipe Lucero","Tiempo de lectura":"1 minuto"},"schema":{"@context":"https:\/\/schema.org","@graph":[{"@type":"Article","@id":"https:\/\/clinicadelasemociones.com.mx\/2026\/01\/17\/la-calidad-de-vida\/#article","isPartOf":{"@id":"https:\/\/clinicadelasemociones.com.mx\/2026\/01\/17\/la-calidad-de-vida\/"},"author":{"name":"Psic. Diego Felipe Lucero","@id":"https:\/\/clinicadelasemociones.com.mx\/#\/schema\/person\/a532471a0e7ea802ac1e0ebbe298228a"},"headline":"Calidad de vida","datePublished":"2026-01-17T23:46:53+00:00","dateModified":"2026-04-20T20:53:51+00:00","mainEntityOfPage":{"@id":"https:\/\/clinicadelasemociones.com.mx\/2026\/01\/17\/la-calidad-de-vida\/"},"wordCount":108,"commentCount":0,"publisher":{"@id":"https:\/\/clinicadelasemociones.com.mx\/#organization"},"image":{"@id":"https:\/\/clinicadelasemociones.com.mx\/2026\/01\/17\/la-calidad-de-vida\/#primaryimage"},"thumbnailUrl":"https:\/\/clinicadelasemociones.com.mx\/wp-content\/uploads\/2026\/01\/Personas-felices-y-exitosas.jpg","keywords":["Blog"],"articleSection":["Autoayuda","Superaci\u00f3n personal"],"inLanguage":"es","potentialAction":[{"@type":"CommentAction","name":"Comment","target":["https:\/\/clinicadelasemociones.com.mx\/2026\/01\/17\/la-calidad-de-vida\/#respond"]}]},{"@type":"WebPage","@id":"https:\/\/clinicadelasemociones.com.mx\/2026\/01\/17\/la-calidad-de-vida\/","url":"https:\/\/clinicadelasemociones.com.mx\/2026\/01\/17\/la-calidad-de-vida\/","name":"Calidad de vida - Cl\u00ednica de las emociones","isPartOf":{"@id":"https:\/\/clinicadelasemociones.com.mx\/#website"},"primaryImageOfPage":{"@id":"https:\/\/clinicadelasemociones.com.mx\/2026\/01\/17\/la-calidad-de-vida\/#primaryimage"},"image":{"@id":"https:\/\/clinicadelasemociones.com.mx\/2026\/01\/17\/la-calidad-de-vida\/#primaryimage"},"thumbnailUrl":"https:\/\/clinicadelasemociones.com.mx\/wp-content\/uploads\/2026\/01\/Personas-felices-y-exitosas.jpg","datePublished":"2026-01-17T23:46:53+00:00","dateModified":"2026-04-20T20:53:51+00:00","breadcrumb":{"@id":"https:\/\/clinicadelasemociones.com.mx\/2026\/01\/17\/la-calidad-de-vida\/#breadcrumb"},"inLanguage":"es","potentialAction":[{"@type":"ReadAction","target":["https:\/\/clinicadelasemociones.com.mx\/2026\/01\/17\/la-calidad-de-vida\/"]}]},{"@type":"ImageObject","inLanguage":"es","@id":"https:\/\/clinicadelasemociones.com.mx\/2026\/01\/17\/la-calidad-de-vida\/#primaryimage","url":"https:\/\/clinicadelasemociones.com.mx\/wp-content\/uploads\/2026\/01\/Personas-felices-y-exitosas.jpg","contentUrl":"https:\/\/clinicadelasemociones.com.mx\/wp-content\/uploads\/2026\/01\/Personas-felices-y-exitosas.jpg","width":771,"height":512},{"@type":"BreadcrumbList","@id":"https:\/\/clinicadelasemociones.com.mx\/2026\/01\/17\/la-calidad-de-vida\/#breadcrumb","itemListElement":[{"@type":"ListItem","position":1,"name":"Inicio","item":"https:\/\/clinicadelasemociones.com.mx\/"},{"@type":"ListItem","position":2,"name":"Calidad de vida"}]},{"@type":"WebSite","@id":"https:\/\/clinicadelasemociones.com.mx\/#website","url":"https:\/\/clinicadelasemociones.com.mx\/","name":"INAPS, Cl\u00ednica de las emociones","description":"Psicoterapia, diagn\u00f3stico y capacitaci\u00f3n.","publisher":{"@id":"https:\/\/clinicadelasemociones.com.mx\/#organization"},"alternateName":"Cl\u00ednica de las Emociones","potentialAction":[{"@type":"SearchAction","target":{"@type":"EntryPoint","urlTemplate":"https:\/\/clinicadelasemociones.com.mx\/?s={search_term_string}"},"query-input":{"@type":"PropertyValueSpecification","valueRequired":true,"valueName":"search_term_string"}}],"inLanguage":"es"},{"@type":"Organization","@id":"https:\/\/clinicadelasemociones.com.mx\/#organization","name":"INAPS, Cl\u00ednica de las emociones","url":"https:\/\/clinicadelasemociones.com.mx\/","logo":{"@type":"ImageObject","inLanguage":"es","@id":"https:\/\/clinicadelasemociones.com.mx\/#\/schema\/logo\/image\/","url":"https:\/\/clinicadelasemociones.com.mx\/wp-content\/uploads\/2025\/02\/Logo-cursos4.jpg","contentUrl":"https:\/\/clinicadelasemociones.com.mx\/wp-content\/uploads\/2025\/02\/Logo-cursos4.jpg","width":336,"height":125,"caption":"INAPS, Cl\u00ednica de las emociones"},"image":{"@id":"https:\/\/clinicadelasemociones.com.mx\/#\/schema\/logo\/image\/"},"sameAs":["https:\/\/www.facebook.com\/Inapsclem\/","https:\/\/x.com\/inaps_clem","https:\/\/www.instagram.com\/inapsclem"]},{"@type":"Person","@id":"https:\/\/clinicadelasemociones.com.mx\/#\/schema\/person\/a532471a0e7ea802ac1e0ebbe298228a","name":"Psic. Diego Felipe Lucero","image":{"@type":"ImageObject","inLanguage":"es","@id":"https:\/\/secure.gravatar.com\/avatar\/305126a808d05431aa1cb442ce439c2300001fc329ad626b9eb2dc9202eb2504?s=96&d=mm&r=g","url":"https:\/\/secure.gravatar.com\/avatar\/305126a808d05431aa1cb442ce439c2300001fc329ad626b9eb2dc9202eb2504?s=96&d=mm&r=g","contentUrl":"https:\/\/secure.gravatar.com\/avatar\/305126a808d05431aa1cb442ce439c2300001fc329ad626b9eb2dc9202eb2504?s=96&d=mm&r=g","caption":"Psic. Diego Felipe Lucero"},"description":"Estudios superiores de Licenciatura en Psicolog\u00eda por Universidad Aut\u00f3noma Metropolitana Unidad Xochimilco, M\u00e9xico, D.F. Promedio general de aprovechamiento: 9.5. Generaci\u00f3n 2004-2008. Ced. Profesional: 6068139 expedida 27 de julio de 2009. Estudios de posgrado: Primary Training Course en Terapia Racional Emotiva Conductual por el Albert Ellis Institute de New York. No. de certificado: 10514 expedido en septiembre del 2012. Advanced Training Course en Terapia Racional Emotiva Conductual por el Albert Ellis Institute de New York. No. de certificado: 03591 expedido en agosto del 2014. Maestr\u00eda en Neurociencia cognitiva y de la Conducta Humana en el Instituto de Estudios Superiores en Neurociencias, Psicoan\u00e1lisis y Salud Mental con registro ante la SEP e inscrito al CONACYT. M\u00e9xico, D.F. Promedio general de aprovechamiento: 9.1. Generaci\u00f3n 2010- 2012.","url":"https:\/\/clinicadelasemociones.com.mx\/es\/author\/psic-diego-felipe-lucero\/"}]}},"jetpack_featured_media_url":"https:\/\/clinicadelasemociones.com.mx\/wp-content\/uploads\/2026\/01\/Personas-felices-y-exitosas.jpg","_links":{"self":[{"href":"https:\/\/clinicadelasemociones.com.mx\/es\/wp-json\/wp\/v2\/posts\/4499","targetHints":{"allow":["GET"]}}],"collection":[{"href":"https:\/\/clinicadelasemociones.com.mx\/es\/wp-json\/wp\/v2\/posts"}],"about":[{"href":"https:\/\/clinicadelasemociones.com.mx\/es\/wp-json\/wp\/v2\/types\/post"}],"author":[{"embeddable":true,"href":"https:\/\/clinicadelasemociones.com.mx\/es\/wp-json\/wp\/v2\/users\/9"}],"replies":[{"embeddable":true,"href":"https:\/\/clinicadelasemociones.com.mx\/es\/wp-json\/wp\/v2\/comments?post=4499"}],"version-history":[{"count":4,"href":"https:\/\/clinicadelasemociones.com.mx\/es\/wp-json\/wp\/v2\/posts\/4499\/revisions"}],"predecessor-version":[{"id":4530,"href":"https:\/\/clinicadelasemociones.com.mx\/es\/wp-json\/wp\/v2\/posts\/4499\/revisions\/4530"}],"wp:featuredmedia":[{"embeddable":true,"href":"https:\/\/clinicadelasemociones.com.mx\/es\/wp-json\/wp\/v2\/media\/4504"}],"wp:attachment":[{"href":"https:\/\/clinicadelasemociones.com.mx\/es\/wp-json\/wp\/v2\/media?parent=4499"}],"wp:term":[{"taxonomy":"category","embeddable":true,"href":"https:\/\/clinicadelasemociones.com.mx\/es\/wp-json\/wp\/v2\/categories?post=4499"},{"taxonomy":"post_tag","embeddable":true,"href":"https:\/\/clinicadelasemociones.com.mx\/es\/wp-json\/wp\/v2\/tags?post=4499"}],"curies":[{"name":"wp","href":"https:\/\/api.w.org\/{rel}","templated":true}]}}