{"id":2897,"date":"2013-11-11T14:47:52","date_gmt":"2013-11-11T14:47:52","guid":{"rendered":"http:\/\/themes.goodlayers2.com\/flawless\/?p=24"},"modified":"2026-04-21T15:20:14","modified_gmt":"2026-04-21T15:20:14","slug":"video-post-format","status":"publish","type":"post","link":"https:\/\/clinicadelasemociones.com.mx\/es\/2013\/11\/11\/video-post-format\/","title":{"rendered":"\u00bfQu\u00e9 mide cada subprueba de Weschler?"},"content":{"rendered":"<p><iframe loading=\"lazy\" src=\"https:\/\/player.vimeo.com\/video\/366124120?dnt=1&amp;app_id=122963\" width=\"960\" height=\"540\" frameborder=\"0\" allow=\"autoplay; fullscreen; picture-in-picture; clipboard-write; encrypted-media; web-share\" referrerpolicy=\"strict-origin-when-cross-origin\"><\/iframe><\/p>\n<p>En \u00e9ste video explicamos porqu\u00e9 cada subprueba de Weschler mide lo que pretende.<\/p>","protected":false},"excerpt":{"rendered":"<p>En \u00e9ste video explicamos porqu\u00e9 cada subprueba de Weschler mide lo que pretende.<\/p>","protected":false},"author":9,"featured_media":3193,"comment_status":"open","ping_status":"open","sticky":false,"template":"","format":"video","meta":{"footnotes":""},"categories":[85],"tags":[20,25],"class_list":["post-2897","post","type-post","status-publish","format-video","has-post-thumbnail","hentry","category-superacion-personal","tag-news","tag-video","post_format-post-format-video"],"yoast_head":"<!-- This site is optimized with the Yoast SEO plugin v28.4 - https:\/\/yoast.com\/product\/yoast-seo-wordpress\/ -->\n<title>\u00bfQu\u00e9 mide cada subprueba de Weschler? - Cl\u00ednica de las emociones<\/title>\n<meta name=\"robots\" content=\"index, follow, max-snippet:-1, max-image-preview:large, max-video-preview:-1\" \/>\n<link rel=\"canonical\" href=\"https:\/\/clinicadelasemociones.com.mx\/es\/2013\/11\/11\/video-post-format\/\" \/>\n<meta property=\"og:locale\" content=\"es_MX\" \/>\n<meta property=\"og:type\" content=\"article\" \/>\n<meta property=\"og:title\" content=\"\u00bfQu\u00e9 mide cada subprueba de Weschler? - Cl\u00ednica de las emociones\" \/>\n<meta property=\"og:description\" content=\"En \u00e9ste video explicamos porqu\u00e9 cada subprueba de Weschler mide lo que pretende.\" \/>\n<meta property=\"og:url\" content=\"https:\/\/clinicadelasemociones.com.mx\/es\/2013\/11\/11\/video-post-format\/\" \/>\n<meta property=\"og:site_name\" content=\"Cl\u00ednica de las emociones\" \/>\n<meta property=\"article:publisher\" content=\"https:\/\/www.facebook.com\/Inapsclem\/\" \/>\n<meta property=\"article:published_time\" content=\"2013-11-11T14:47:52+00:00\" \/>\n<meta property=\"article:modified_time\" content=\"2026-04-21T15:20:14+00:00\" \/>\n<meta property=\"og:image\" content=\"https:\/\/clinicadelasemociones.com.mx\/wp-content\/uploads\/2013\/10\/photodune-2650397-sailing-m.jpg\" \/>\n\t<meta property=\"og:image:width\" content=\"1140\" \/>\n\t<meta property=\"og:image:height\" content=\"760\" \/>\n\t<meta property=\"og:image:type\" content=\"image\/jpeg\" \/>\n<meta name=\"author\" content=\"Psic. Diego Felipe Lucero\" \/>\n<meta name=\"twitter:card\" content=\"summary_large_image\" \/>\n<meta name=\"twitter:creator\" content=\"@inaps_clem\" \/>\n<meta name=\"twitter:site\" content=\"@inaps_clem\" \/>\n<meta name=\"twitter:label1\" content=\"Escrito por\" \/>\n\t<meta name=\"twitter:data1\" content=\"Psic. Diego Felipe Lucero\" \/>\n<script type=\"application\/ld+json\" class=\"yoast-schema-graph\">{\"@context\":\"https:\\\/\\\/schema.org\",\"@graph\":[{\"@type\":\"Article\",\"@id\":\"https:\\\/\\\/clinicadelasemociones.com.mx\\\/2013\\\/11\\\/11\\\/video-post-format\\\/#article\",\"isPartOf\":{\"@id\":\"https:\\\/\\\/clinicadelasemociones.com.mx\\\/2013\\\/11\\\/11\\\/video-post-format\\\/\"},\"author\":{\"name\":\"Psic. Diego Felipe Lucero\",\"@id\":\"https:\\\/\\\/clinicadelasemociones.com.mx\\\/#\\\/schema\\\/person\\\/a532471a0e7ea802ac1e0ebbe298228a\"},\"headline\":\"\u00bfQu\u00e9 mide cada subprueba de Weschler?\",\"datePublished\":\"2013-11-11T14:47:52+00:00\",\"dateModified\":\"2026-04-21T15:20:14+00:00\",\"mainEntityOfPage\":{\"@id\":\"https:\\\/\\\/clinicadelasemociones.com.mx\\\/2013\\\/11\\\/11\\\/video-post-format\\\/\"},\"wordCount\":26,\"commentCount\":0,\"publisher\":{\"@id\":\"https:\\\/\\\/clinicadelasemociones.com.mx\\\/#organization\"},\"image\":{\"@id\":\"https:\\\/\\\/clinicadelasemociones.com.mx\\\/2013\\\/11\\\/11\\\/video-post-format\\\/#primaryimage\"},\"thumbnailUrl\":\"https:\\\/\\\/clinicadelasemociones.com.mx\\\/wp-content\\\/uploads\\\/2013\\\/10\\\/photodune-2650397-sailing-m.jpg\",\"keywords\":[\"News\",\"Video\"],\"articleSection\":[\"Superaci\u00f3n personal\"],\"inLanguage\":\"es\",\"potentialAction\":[{\"@type\":\"CommentAction\",\"name\":\"Comment\",\"target\":[\"https:\\\/\\\/clinicadelasemociones.com.mx\\\/2013\\\/11\\\/11\\\/video-post-format\\\/#respond\"]}]},{\"@type\":\"WebPage\",\"@id\":\"https:\\\/\\\/clinicadelasemociones.com.mx\\\/2013\\\/11\\\/11\\\/video-post-format\\\/\",\"url\":\"https:\\\/\\\/clinicadelasemociones.com.mx\\\/2013\\\/11\\\/11\\\/video-post-format\\\/\",\"name\":\"\u00bfQu\u00e9 mide cada subprueba de Weschler? - Cl\u00ednica de las emociones\",\"isPartOf\":{\"@id\":\"https:\\\/\\\/clinicadelasemociones.com.mx\\\/#website\"},\"primaryImageOfPage\":{\"@id\":\"https:\\\/\\\/clinicadelasemociones.com.mx\\\/2013\\\/11\\\/11\\\/video-post-format\\\/#primaryimage\"},\"image\":{\"@id\":\"https:\\\/\\\/clinicadelasemociones.com.mx\\\/2013\\\/11\\\/11\\\/video-post-format\\\/#primaryimage\"},\"thumbnailUrl\":\"https:\\\/\\\/clinicadelasemociones.com.mx\\\/wp-content\\\/uploads\\\/2013\\\/10\\\/photodune-2650397-sailing-m.jpg\",\"datePublished\":\"2013-11-11T14:47:52+00:00\",\"dateModified\":\"2026-04-21T15:20:14+00:00\",\"breadcrumb\":{\"@id\":\"https:\\\/\\\/clinicadelasemociones.com.mx\\\/2013\\\/11\\\/11\\\/video-post-format\\\/#breadcrumb\"},\"inLanguage\":\"es\",\"potentialAction\":[{\"@type\":\"ReadAction\",\"target\":[\"https:\\\/\\\/clinicadelasemociones.com.mx\\\/2013\\\/11\\\/11\\\/video-post-format\\\/\"]}]},{\"@type\":\"ImageObject\",\"inLanguage\":\"es\",\"@id\":\"https:\\\/\\\/clinicadelasemociones.com.mx\\\/2013\\\/11\\\/11\\\/video-post-format\\\/#primaryimage\",\"url\":\"https:\\\/\\\/clinicadelasemociones.com.mx\\\/wp-content\\\/uploads\\\/2013\\\/10\\\/photodune-2650397-sailing-m.jpg\",\"contentUrl\":\"https:\\\/\\\/clinicadelasemociones.com.mx\\\/wp-content\\\/uploads\\\/2013\\\/10\\\/photodune-2650397-sailing-m.jpg\",\"width\":1140,\"height\":760,\"caption\":\"Yacht\"},{\"@type\":\"BreadcrumbList\",\"@id\":\"https:\\\/\\\/clinicadelasemociones.com.mx\\\/2013\\\/11\\\/11\\\/video-post-format\\\/#breadcrumb\",\"itemListElement\":[{\"@type\":\"ListItem\",\"position\":1,\"name\":\"Inicio\",\"item\":\"https:\\\/\\\/clinicadelasemociones.com.mx\\\/\"},{\"@type\":\"ListItem\",\"position\":2,\"name\":\"\u00bfQu\u00e9 mide cada subprueba de Weschler?\"}]},{\"@type\":\"WebSite\",\"@id\":\"https:\\\/\\\/clinicadelasemociones.com.mx\\\/#website\",\"url\":\"https:\\\/\\\/clinicadelasemociones.com.mx\\\/\",\"name\":\"INAPS, Cl\u00ednica de las emociones\",\"description\":\"Psicoterapia, diagn\u00f3stico y capacitaci\u00f3n.\",\"publisher\":{\"@id\":\"https:\\\/\\\/clinicadelasemociones.com.mx\\\/#organization\"},\"alternateName\":\"Cl\u00ednica de las Emociones\",\"potentialAction\":[{\"@type\":\"SearchAction\",\"target\":{\"@type\":\"EntryPoint\",\"urlTemplate\":\"https:\\\/\\\/clinicadelasemociones.com.mx\\\/?s={search_term_string}\"},\"query-input\":{\"@type\":\"PropertyValueSpecification\",\"valueRequired\":true,\"valueName\":\"search_term_string\"}}],\"inLanguage\":\"es\"},{\"@type\":\"Organization\",\"@id\":\"https:\\\/\\\/clinicadelasemociones.com.mx\\\/#organization\",\"name\":\"INAPS, Cl\u00ednica de las emociones\",\"url\":\"https:\\\/\\\/clinicadelasemociones.com.mx\\\/\",\"logo\":{\"@type\":\"ImageObject\",\"inLanguage\":\"es\",\"@id\":\"https:\\\/\\\/clinicadelasemociones.com.mx\\\/#\\\/schema\\\/logo\\\/image\\\/\",\"url\":\"https:\\\/\\\/clinicadelasemociones.com.mx\\\/wp-content\\\/uploads\\\/2025\\\/02\\\/Logo-cursos4.jpg\",\"contentUrl\":\"https:\\\/\\\/clinicadelasemociones.com.mx\\\/wp-content\\\/uploads\\\/2025\\\/02\\\/Logo-cursos4.jpg\",\"width\":336,\"height\":125,\"caption\":\"INAPS, Cl\u00ednica de las emociones\"},\"image\":{\"@id\":\"https:\\\/\\\/clinicadelasemociones.com.mx\\\/#\\\/schema\\\/logo\\\/image\\\/\"},\"sameAs\":[\"https:\\\/\\\/www.facebook.com\\\/Inapsclem\\\/\",\"https:\\\/\\\/x.com\\\/inaps_clem\",\"https:\\\/\\\/www.instagram.com\\\/inapsclem\"]},{\"@type\":\"Person\",\"@id\":\"https:\\\/\\\/clinicadelasemociones.com.mx\\\/#\\\/schema\\\/person\\\/a532471a0e7ea802ac1e0ebbe298228a\",\"name\":\"Psic. Diego Felipe Lucero\",\"image\":{\"@type\":\"ImageObject\",\"inLanguage\":\"es\",\"@id\":\"https:\\\/\\\/secure.gravatar.com\\\/avatar\\\/305126a808d05431aa1cb442ce439c2300001fc329ad626b9eb2dc9202eb2504?s=96&d=mm&r=g\",\"url\":\"https:\\\/\\\/secure.gravatar.com\\\/avatar\\\/305126a808d05431aa1cb442ce439c2300001fc329ad626b9eb2dc9202eb2504?s=96&d=mm&r=g\",\"contentUrl\":\"https:\\\/\\\/secure.gravatar.com\\\/avatar\\\/305126a808d05431aa1cb442ce439c2300001fc329ad626b9eb2dc9202eb2504?s=96&d=mm&r=g\",\"caption\":\"Psic. Diego Felipe Lucero\"},\"description\":\"Estudios superiores de Licenciatura en Psicolog\u00eda por Universidad Aut\u00f3noma Metropolitana Unidad Xochimilco, M\u00e9xico, D.F. Promedio general de aprovechamiento: 9.5. Generaci\u00f3n 2004-2008. Ced. Profesional: 6068139 expedida 27 de julio de 2009. Estudios de posgrado: Primary Training Course en Terapia Racional Emotiva Conductual por el Albert Ellis Institute de New York. No. de certificado: 10514 expedido en septiembre del 2012. Advanced Training Course en Terapia Racional Emotiva Conductual por el Albert Ellis Institute de New York. No. de certificado: 03591 expedido en agosto del 2014. Maestr\u00eda en Neurociencia cognitiva y de la Conducta Humana en el Instituto de Estudios Superiores en Neurociencias, Psicoan\u00e1lisis y Salud Mental con registro ante la SEP e inscrito al CONACYT. M\u00e9xico, D.F. Promedio general de aprovechamiento: 9.1. Generaci\u00f3n 2010- 2012.\",\"url\":\"https:\\\/\\\/clinicadelasemociones.com.mx\\\/es\\\/author\\\/psic-diego-felipe-lucero\\\/\"}]}<\/script>\n<!-- \/ Yoast SEO plugin. -->","yoast_head_json":{"title":"\u00bfQu\u00e9 mide cada subprueba de Weschler? - Cl\u00ednica de las emociones","robots":{"index":"index","follow":"follow","max-snippet":"max-snippet:-1","max-image-preview":"max-image-preview:large","max-video-preview":"max-video-preview:-1"},"canonical":"https:\/\/clinicadelasemociones.com.mx\/es\/2013\/11\/11\/video-post-format\/","og_locale":"es_MX","og_type":"article","og_title":"\u00bfQu\u00e9 mide cada subprueba de Weschler? - Cl\u00ednica de las emociones","og_description":"En \u00e9ste video explicamos porqu\u00e9 cada subprueba de Weschler mide lo que pretende.","og_url":"https:\/\/clinicadelasemociones.com.mx\/es\/2013\/11\/11\/video-post-format\/","og_site_name":"Cl\u00ednica de las emociones","article_publisher":"https:\/\/www.facebook.com\/Inapsclem\/","article_published_time":"2013-11-11T14:47:52+00:00","article_modified_time":"2026-04-21T15:20:14+00:00","og_image":[{"width":1140,"height":760,"url":"https:\/\/clinicadelasemociones.com.mx\/wp-content\/uploads\/2013\/10\/photodune-2650397-sailing-m.jpg","type":"image\/jpeg"}],"author":"Psic. Diego Felipe Lucero","twitter_card":"summary_large_image","twitter_creator":"@inaps_clem","twitter_site":"@inaps_clem","twitter_misc":{"Escrito por":"Psic. Diego Felipe Lucero"},"schema":{"@context":"https:\/\/schema.org","@graph":[{"@type":"Article","@id":"https:\/\/clinicadelasemociones.com.mx\/2013\/11\/11\/video-post-format\/#article","isPartOf":{"@id":"https:\/\/clinicadelasemociones.com.mx\/2013\/11\/11\/video-post-format\/"},"author":{"name":"Psic. Diego Felipe Lucero","@id":"https:\/\/clinicadelasemociones.com.mx\/#\/schema\/person\/a532471a0e7ea802ac1e0ebbe298228a"},"headline":"\u00bfQu\u00e9 mide cada subprueba de Weschler?","datePublished":"2013-11-11T14:47:52+00:00","dateModified":"2026-04-21T15:20:14+00:00","mainEntityOfPage":{"@id":"https:\/\/clinicadelasemociones.com.mx\/2013\/11\/11\/video-post-format\/"},"wordCount":26,"commentCount":0,"publisher":{"@id":"https:\/\/clinicadelasemociones.com.mx\/#organization"},"image":{"@id":"https:\/\/clinicadelasemociones.com.mx\/2013\/11\/11\/video-post-format\/#primaryimage"},"thumbnailUrl":"https:\/\/clinicadelasemociones.com.mx\/wp-content\/uploads\/2013\/10\/photodune-2650397-sailing-m.jpg","keywords":["News","Video"],"articleSection":["Superaci\u00f3n personal"],"inLanguage":"es","potentialAction":[{"@type":"CommentAction","name":"Comment","target":["https:\/\/clinicadelasemociones.com.mx\/2013\/11\/11\/video-post-format\/#respond"]}]},{"@type":"WebPage","@id":"https:\/\/clinicadelasemociones.com.mx\/2013\/11\/11\/video-post-format\/","url":"https:\/\/clinicadelasemociones.com.mx\/2013\/11\/11\/video-post-format\/","name":"\u00bfQu\u00e9 mide cada subprueba de Weschler? - Cl\u00ednica de las emociones","isPartOf":{"@id":"https:\/\/clinicadelasemociones.com.mx\/#website"},"primaryImageOfPage":{"@id":"https:\/\/clinicadelasemociones.com.mx\/2013\/11\/11\/video-post-format\/#primaryimage"},"image":{"@id":"https:\/\/clinicadelasemociones.com.mx\/2013\/11\/11\/video-post-format\/#primaryimage"},"thumbnailUrl":"https:\/\/clinicadelasemociones.com.mx\/wp-content\/uploads\/2013\/10\/photodune-2650397-sailing-m.jpg","datePublished":"2013-11-11T14:47:52+00:00","dateModified":"2026-04-21T15:20:14+00:00","breadcrumb":{"@id":"https:\/\/clinicadelasemociones.com.mx\/2013\/11\/11\/video-post-format\/#breadcrumb"},"inLanguage":"es","potentialAction":[{"@type":"ReadAction","target":["https:\/\/clinicadelasemociones.com.mx\/2013\/11\/11\/video-post-format\/"]}]},{"@type":"ImageObject","inLanguage":"es","@id":"https:\/\/clinicadelasemociones.com.mx\/2013\/11\/11\/video-post-format\/#primaryimage","url":"https:\/\/clinicadelasemociones.com.mx\/wp-content\/uploads\/2013\/10\/photodune-2650397-sailing-m.jpg","contentUrl":"https:\/\/clinicadelasemociones.com.mx\/wp-content\/uploads\/2013\/10\/photodune-2650397-sailing-m.jpg","width":1140,"height":760,"caption":"Yacht"},{"@type":"BreadcrumbList","@id":"https:\/\/clinicadelasemociones.com.mx\/2013\/11\/11\/video-post-format\/#breadcrumb","itemListElement":[{"@type":"ListItem","position":1,"name":"Inicio","item":"https:\/\/clinicadelasemociones.com.mx\/"},{"@type":"ListItem","position":2,"name":"\u00bfQu\u00e9 mide cada subprueba de Weschler?"}]},{"@type":"WebSite","@id":"https:\/\/clinicadelasemociones.com.mx\/#website","url":"https:\/\/clinicadelasemociones.com.mx\/","name":"INAPS, Cl\u00ednica de las emociones","description":"Psicoterapia, diagn\u00f3stico y capacitaci\u00f3n.","publisher":{"@id":"https:\/\/clinicadelasemociones.com.mx\/#organization"},"alternateName":"Cl\u00ednica de las Emociones","potentialAction":[{"@type":"SearchAction","target":{"@type":"EntryPoint","urlTemplate":"https:\/\/clinicadelasemociones.com.mx\/?s={search_term_string}"},"query-input":{"@type":"PropertyValueSpecification","valueRequired":true,"valueName":"search_term_string"}}],"inLanguage":"es"},{"@type":"Organization","@id":"https:\/\/clinicadelasemociones.com.mx\/#organization","name":"INAPS, Cl\u00ednica de las emociones","url":"https:\/\/clinicadelasemociones.com.mx\/","logo":{"@type":"ImageObject","inLanguage":"es","@id":"https:\/\/clinicadelasemociones.com.mx\/#\/schema\/logo\/image\/","url":"https:\/\/clinicadelasemociones.com.mx\/wp-content\/uploads\/2025\/02\/Logo-cursos4.jpg","contentUrl":"https:\/\/clinicadelasemociones.com.mx\/wp-content\/uploads\/2025\/02\/Logo-cursos4.jpg","width":336,"height":125,"caption":"INAPS, Cl\u00ednica de las emociones"},"image":{"@id":"https:\/\/clinicadelasemociones.com.mx\/#\/schema\/logo\/image\/"},"sameAs":["https:\/\/www.facebook.com\/Inapsclem\/","https:\/\/x.com\/inaps_clem","https:\/\/www.instagram.com\/inapsclem"]},{"@type":"Person","@id":"https:\/\/clinicadelasemociones.com.mx\/#\/schema\/person\/a532471a0e7ea802ac1e0ebbe298228a","name":"Psic. Diego Felipe Lucero","image":{"@type":"ImageObject","inLanguage":"es","@id":"https:\/\/secure.gravatar.com\/avatar\/305126a808d05431aa1cb442ce439c2300001fc329ad626b9eb2dc9202eb2504?s=96&d=mm&r=g","url":"https:\/\/secure.gravatar.com\/avatar\/305126a808d05431aa1cb442ce439c2300001fc329ad626b9eb2dc9202eb2504?s=96&d=mm&r=g","contentUrl":"https:\/\/secure.gravatar.com\/avatar\/305126a808d05431aa1cb442ce439c2300001fc329ad626b9eb2dc9202eb2504?s=96&d=mm&r=g","caption":"Psic. Diego Felipe Lucero"},"description":"Estudios superiores de Licenciatura en Psicolog\u00eda por Universidad Aut\u00f3noma Metropolitana Unidad Xochimilco, M\u00e9xico, D.F. Promedio general de aprovechamiento: 9.5. Generaci\u00f3n 2004-2008. Ced. Profesional: 6068139 expedida 27 de julio de 2009. Estudios de posgrado: Primary Training Course en Terapia Racional Emotiva Conductual por el Albert Ellis Institute de New York. No. de certificado: 10514 expedido en septiembre del 2012. Advanced Training Course en Terapia Racional Emotiva Conductual por el Albert Ellis Institute de New York. No. de certificado: 03591 expedido en agosto del 2014. Maestr\u00eda en Neurociencia cognitiva y de la Conducta Humana en el Instituto de Estudios Superiores en Neurociencias, Psicoan\u00e1lisis y Salud Mental con registro ante la SEP e inscrito al CONACYT. M\u00e9xico, D.F. Promedio general de aprovechamiento: 9.1. Generaci\u00f3n 2010- 2012.","url":"https:\/\/clinicadelasemociones.com.mx\/es\/author\/psic-diego-felipe-lucero\/"}]}},"jetpack_featured_media_url":"https:\/\/clinicadelasemociones.com.mx\/wp-content\/uploads\/2013\/10\/photodune-2650397-sailing-m.jpg","_links":{"self":[{"href":"https:\/\/clinicadelasemociones.com.mx\/es\/wp-json\/wp\/v2\/posts\/2897","targetHints":{"allow":["GET"]}}],"collection":[{"href":"https:\/\/clinicadelasemociones.com.mx\/es\/wp-json\/wp\/v2\/posts"}],"about":[{"href":"https:\/\/clinicadelasemociones.com.mx\/es\/wp-json\/wp\/v2\/types\/post"}],"author":[{"embeddable":true,"href":"https:\/\/clinicadelasemociones.com.mx\/es\/wp-json\/wp\/v2\/users\/9"}],"replies":[{"embeddable":true,"href":"https:\/\/clinicadelasemociones.com.mx\/es\/wp-json\/wp\/v2\/comments?post=2897"}],"version-history":[{"count":4,"href":"https:\/\/clinicadelasemociones.com.mx\/es\/wp-json\/wp\/v2\/posts\/2897\/revisions"}],"predecessor-version":[{"id":4756,"href":"https:\/\/clinicadelasemociones.com.mx\/es\/wp-json\/wp\/v2\/posts\/2897\/revisions\/4756"}],"wp:featuredmedia":[{"embeddable":true,"href":"https:\/\/clinicadelasemociones.com.mx\/es\/wp-json\/wp\/v2\/media\/3193"}],"wp:attachment":[{"href":"https:\/\/clinicadelasemociones.com.mx\/es\/wp-json\/wp\/v2\/media?parent=2897"}],"wp:term":[{"taxonomy":"category","embeddable":true,"href":"https:\/\/clinicadelasemociones.com.mx\/es\/wp-json\/wp\/v2\/categories?post=2897"},{"taxonomy":"post_tag","embeddable":true,"href":"https:\/\/clinicadelasemociones.com.mx\/es\/wp-json\/wp\/v2\/tags?post=2897"}],"curies":[{"name":"wp","href":"https:\/\/api.w.org\/{rel}","templated":true}]}}